{"id":9528,"date":"2020-01-04T09:20:02","date_gmt":"2020-01-04T08:20:02","guid":{"rendered":"https:\/\/www.partipourladecroissance.net\/?p=9528"},"modified":"2021-04-15T19:06:08","modified_gmt":"2021-04-15T18:06:08","slug":"2020-lannee-de-la-concretisation-dun-projet-de-decroissance","status":"publish","type":"post","link":"https:\/\/www.partipourladecroissance.net\/?p=9528","title":{"rendered":"2020, l&rsquo;ann\u00e9e de la concr\u00e9tisation d&rsquo;un Projet de D\u00e9croissance ?"},"content":{"rendered":"<p><span style=\"color: #000000; font-family: arial, sans-serif;\"><a href=\"https:\/\/www.partipourladecroissance.net\/?attachment_id=9538\" rel=\"attachment wp-att-9538\"><img loading=\"lazy\" decoding=\"async\" class=\"size-medium wp-image-9538 alignleft\" src=\"https:\/\/www.partipourladecroissance.net\/wp-content\/uploads\/2020\/01\/on-a-gagne-decroissance-289x300.png\" alt=\"\" width=\"289\" height=\"300\" srcset=\"https:\/\/www.partipourladecroissance.net\/wp-content\/uploads\/2020\/01\/on-a-gagne-decroissance-289x300.png 289w, https:\/\/www.partipourladecroissance.net\/wp-content\/uploads\/2020\/01\/on-a-gagne-decroissance-768x796.png 768w, https:\/\/www.partipourladecroissance.net\/wp-content\/uploads\/2020\/01\/on-a-gagne-decroissance-988x1024.png 988w, https:\/\/www.partipourladecroissance.net\/wp-content\/uploads\/2020\/01\/on-a-gagne-decroissance.png 1953w\" sizes=\"auto, (max-width: 289px) 100vw, 289px\" \/><\/a>On a gagn\u00e9 ?!<\/span><\/p>\n<p><span style=\"color: #000000; font-family: arial, sans-serif;\">Ce que nous constatons de mani\u00e8re intuitive et que<a href=\"http:\/\/www.projet-decroissance.net\/?p=2405\" target=\"_blank\" rel=\"noopener noreferrer\"> nous annoncions depuis d\u00e9j\u00e0 quelques ann\u00e9es<\/a>, est \u00e0 nouveau confirm\u00e9 par deux r\u00e9centes \u00e9tudes : la D\u00e9croissance, en tant qu&rsquo;utopie politique bas\u00e9e sur le partage et la solidarit\u00e9, la sobri\u00e9t\u00e9 et le &lsquo;moins mais mieux&rsquo;, devance<a href=\"http:\/\/www.projet-decroissance.net\/?p=2620\" target=\"_blank\" rel=\"noopener noreferrer\"> l&rsquo;imposture de l&rsquo;impossible croissance verte<\/a> et encore plus la dystopie mortif\u00e8re du transhumanisme<\/span><span style=\"color: #000000; font-family: arial, sans-serif;\">\u00a0:<\/span><\/p>\n<p><span style=\"color: #000000; font-family: arial, sans-serif;\">&#8211; Pour pr\u00e9server l\u2019environnement, les Fran\u00e7ais sont m\u00eame devenus des adeptes de la d\u00e9croissance (54% vs 45%) plut\u00f4t que d\u2019une croissance \u00ab verte \u00bb(<a href=\"http:\/\/www.odoxa.fr\/sondage\/barometre-economique-doctobre-francais-plus-ecolos-jamais\/\" target=\"_blank\" rel=\"noopener noreferrer\">sondage<\/a> Odoxa pour Aviva Assurance, BFM et Challenges).<\/span><\/p>\n<p><span style=\"color: #000000; font-family: arial, sans-serif;\">&#8211; C\u2019est l\u2019utopie \u00ab \u00e9cologique \u00bb (la D\u00e9croissance) qui sort gagnante de cette confrontation ; 55 % des r\u00e9pondants lui ont accord\u00e9 leur meilleure note. L\u2019utopie \u00ab s\u00e9curitaire \u00bb se classe en deuxi\u00e8me (elle est l\u2019utopie pr\u00e9f\u00e9r\u00e9e de 29 % des r\u00e9pondants), laissant l\u2019utopie \u00ab techno-lib\u00e9rale \u00bb assez loin derri\u00e8re (16 %), celle-ci \u00e9tant p\u00e9nalis\u00e9e par un rejet massif des perspectives de l\u2019augmentation de l\u2019humain. (<a href=\"https:\/\/www.lemonde.fr\/idees\/article\/2019\/11\/22\/philippe-moati-l-utopie-ecologique-seduit-les-francais_6020062_3232.html\" target=\"_blank\" rel=\"noopener noreferrer\">\u00e9tude de l&rsquo;Obsoco<\/a>).<\/span><\/p>\n<p><span style=\"color: #000000; font-family: arial, sans-serif;\">Mais ce n&rsquo;est pas suffisant, car m\u00eame si nous avan\u00e7ons sur le front des id\u00e9es, le rouleaux compresseurs n\u00e9olib\u00e9ral et m\u00e9diatique, telle une m\u00e9gamachine de destruction, continue \u00e0 avancer, d&rsquo;o\u00f9 notre lettre ouverte \u00e0 M. Apathie, oui il est temps de passer au projet politique de la D\u00e9croissance<\/span><\/p>\n<p><!--more--><\/p>\n<ul>\n<li><span style=\"font-family: arial, sans-serif; font-size: small;\"><a title=\"Permalink to Lettre ouverte \u00e0 M. Aphatie : oui, organisons la d\u00e9croissance !\" href=\"https:\/\/www.partipourladecroissance.net\/?p=9514\" target=\"_blank\" rel=\"bookmark noopener noreferrer\">Lettre ouverte \u00e0 M. Aphatie : oui, organisons la d\u00e9croissance !<\/a><\/span><\/li>\n<\/ul>\n<p><span style=\"color: #000000; font-family: arial, sans-serif;\">C&rsquo;est aussi les d\u00e9bats que nous menons avec nos compagnons de route du Mouvement Fran\u00e7ais du revenu de Base :<\/span><\/p>\n<ul>\n<li><span style=\"color: #000000; font-family: arial, sans-serif;\"><a href=\"http:\/\/www.projet-decroissance.net\/?p=2532\" target=\"_blank\" rel=\"bookmark noopener noreferrer\">La Dotation Inconditionnelle d&rsquo;Autnomie (DIA) \u00e0 l\u2019AG du Mouvement Fran\u00e7ais pour un Revenu de Base.<\/a><\/span><\/li>\n<li><span style=\"color: #000000; font-family: arial, sans-serif;\"><a href=\"https:\/\/youtu.be\/WaudmDTns9A?t=2583\">La DIA au S\u00e9nat.<\/a><\/span><\/li>\n<\/ul>\n<p><span style=\"color: #000000; font-family: arial, sans-serif;\">Mais, pour ouvrir encore plus les d\u00e9bats, comme une invitation salvatrice \u00e0 d\u00e9coloniser nos imaginaires, rien de tel que deux belles nouvelles :<\/span><\/p>\n<ul>\n<li><span style=\"color: #000000; font-family: arial, sans-serif;\"><a href=\"http:\/\/www.projet-decroissance.net\/?p=2544\" target=\"_blank\" rel=\"bookmark noopener noreferrer\">Un dimanche matin<\/a> et <a href=\"https:\/\/www.partipourladecroissance.net\/?p=9518\" target=\"_blank\" rel=\"noopener noreferrer\">Je ne peux pas, j\u2019ai foot<\/a><\/span><\/li>\n<li><span style=\"color: #000000; font-family: arial, sans-serif;\"><a href=\"http:\/\/www.projet-decroissance.net\/?p=2479\" target=\"_blank\" rel=\"bookmark noopener noreferrer\">L\u2019utopie d\u2019hier est devenue la r\u00e9alit\u00e9 d\u2019aujourd\u2019hui !<\/a><\/span><span style=\"color: #000000; font-family: arial, sans-serif;\">\u00a0<\/span><span style=\"color: #000000; font-family: arial, sans-serif;\"><a href=\"https:\/\/www.partipourladecroissance.net\/?attachment_id=9534\" rel=\"attachment wp-att-9534\"><img loading=\"lazy\" decoding=\"async\" class=\"wp-image-9534 alignright\" src=\"https:\/\/www.partipourladecroissance.net\/wp-content\/uploads\/2020\/01\/74389092_10215770101389943_95709150008311808_o-201x300.jpg\" alt=\"\" width=\"132\" height=\"197\" srcset=\"https:\/\/www.partipourladecroissance.net\/wp-content\/uploads\/2020\/01\/74389092_10215770101389943_95709150008311808_o-201x300.jpg 201w, https:\/\/www.partipourladecroissance.net\/wp-content\/uploads\/2020\/01\/74389092_10215770101389943_95709150008311808_o.jpg 643w\" sizes=\"auto, (max-width: 132px) 100vw, 132px\" \/><\/a><\/span><\/li>\n<\/ul>\n<p><span style=\"color: #000000; font-family: arial, sans-serif;\">Enfin, la transition est aussi en marche dans les exp\u00e9rimentations, notamment \u00e0 Cargonomia, \u00e0 Budapest :<\/span><\/p>\n<ul>\n<li><span style=\"color: #000000; font-family: arial, sans-serif;\">Cargonomia\u00a0<a href=\"http:\/\/www.projet-decroissance.net\/?p=2590\" target=\"_blank\" rel=\"noopener noreferrer\">en vid\u00e9o<\/a>.<\/span><\/li>\n<li><span style=\"color: #000000; font-family: arial, sans-serif;\"><a href=\"http:\/\/www.projet-decroissance.net\/?p=2614\">En une du Monde<\/a>.<\/span><\/li>\n<li><span style=\"color: #000000; font-family: arial, sans-serif;\">Retour aux fondamentaux avec Nicholas Georgescu-Roegen :\u00a0<\/span><a href=\"http:\/\/www.projet-decroissance.net\/?p=2567\" target=\"_blank\" rel=\"bookmark noopener noreferrer\"><span style=\"color: #000000; font-family: arial, sans-serif; font-size: small;\">Les sources de la d\u00e9croissance expliqu\u00e9es par un \u00e9conomiste oubli\u00e9.<\/span><\/a><\/li>\n<\/ul>\n<p><span style=\"color: #000000; font-family: arial, sans-serif;\">Enfin, petit clin d\u2019\u0153il solidaire mais critique au mouvement social en cours :<\/span><a href=\"http:\/\/www.projet-decroissance.net\/?page_id=444\" target=\"_blank\" rel=\"noopener noreferrer\"><span style=\"color: #000000; font-family: arial, sans-serif;\">La D\u00e9croissance et les retraites : le pas de c\u00f4t\u00e9 !<\/span><\/a><\/p>\n<p><span style=\"color: #000000; font-family: arial, sans-serif;\">Bonne ann\u00e9e 2020, pour entrer dans une nouvelle \u00e8re d&rsquo;espoir, de partage et de convivialit\u00e9 !<\/span><\/p>\n","protected":false},"excerpt":{"rendered":"<p>On a gagn\u00e9 ?! Ce que nous constatons de mani\u00e8re intuitive et que nous annoncions depuis d\u00e9j\u00e0 quelques ann\u00e9es, est \u00e0 nouveau confirm\u00e9 par deux r\u00e9centes \u00e9tudes : la D\u00e9croissance, en tant qu&rsquo;utopie politique bas\u00e9e sur le partage et la &hellip; <a href=\"https:\/\/www.partipourladecroissance.net\/?p=9528\">Continuer la lecture <span class=\"meta-nav\">&rarr;<\/span><\/a><\/p>\n","protected":false},"author":9,"featured_media":0,"comment_status":"open","ping_status":"open","sticky":false,"template":"","format":"standard","meta":{"footnotes":""},"categories":[3],"tags":[],"class_list":["post-9528","post","type-post","status-publish","format-standard","hentry","category-actualites"],"_links":{"self":[{"href":"https:\/\/www.partipourladecroissance.net\/index.php?rest_route=\/wp\/v2\/posts\/9528","targetHints":{"allow":["GET"]}}],"collection":[{"href":"https:\/\/www.partipourladecroissance.net\/index.php?rest_route=\/wp\/v2\/posts"}],"about":[{"href":"https:\/\/www.partipourladecroissance.net\/index.php?rest_route=\/wp\/v2\/types\/post"}],"author":[{"embeddable":true,"href":"https:\/\/www.partipourladecroissance.net\/index.php?rest_route=\/wp\/v2\/users\/9"}],"replies":[{"embeddable":true,"href":"https:\/\/www.partipourladecroissance.net\/index.php?rest_route=%2Fwp%2Fv2%2Fcomments&post=9528"}],"version-history":[{"count":7,"href":"https:\/\/www.partipourladecroissance.net\/index.php?rest_route=\/wp\/v2\/posts\/9528\/revisions"}],"predecessor-version":[{"id":9580,"href":"https:\/\/www.partipourladecroissance.net\/index.php?rest_route=\/wp\/v2\/posts\/9528\/revisions\/9580"}],"wp:attachment":[{"href":"https:\/\/www.partipourladecroissance.net\/index.php?rest_route=%2Fwp%2Fv2%2Fmedia&parent=9528"}],"wp:term":[{"taxonomy":"category","embeddable":true,"href":"https:\/\/www.partipourladecroissance.net\/index.php?rest_route=%2Fwp%2Fv2%2Fcategories&post=9528"},{"taxonomy":"post_tag","embeddable":true,"href":"https:\/\/www.partipourladecroissance.net\/index.php?rest_route=%2Fwp%2Fv2%2Ftags&post=9528"}],"curies":[{"name":"wp","href":"https:\/\/api.w.org\/{rel}","templated":true}]}}