{"id":9640,"date":"2020-09-29T20:50:58","date_gmt":"2020-09-29T19:50:58","guid":{"rendered":"https:\/\/www.partipourladecroissance.net\/?p=9640"},"modified":"2020-12-04T09:20:36","modified_gmt":"2020-12-04T08:20:36","slug":"le-3-octobre-marchons-sur-les-aeroports","status":"publish","type":"post","link":"https:\/\/www.partipourladecroissance.net\/?p=9640","title":{"rendered":"Le 3 octobre, marchons sur les a\u00e9roports !"},"content":{"rendered":"<p><strong>\u00ab<small class=\"fine d-inline\">\u00a0<\/small>Utiliser l\u2019argent public pour maintenir sous perfusion une industrie incompatible avec la pr\u00e9servation de conditions de vie dignes sur Terre, c\u2019est non<small class=\"fine d-inline\">\u00a0<\/small>\u00bb, clament les auteurs de cette tribune. Ils appellent donc, le samedi 3\u00a0octobre, \u00e0 \u00ab<small class=\"fine d-inline\">\u00a0<\/small>marcher sur les a\u00e9roports<small class=\"fine d-inline\">\u00a0<\/small>\u00bb, dans des cort\u00e8ges familiaux et non-violents, \u00e0 pied ou \u00e0 v\u00e9lo.<\/strong><\/p>\n<p>Le samedi 3\u00a0octobre, nous marcherons sur les a\u00e9roports, avec d\u00e9termination et non-violence, pour la <a class=\"spip_in\" href=\"https:\/\/reporterre.net\/Air-France-devra-reduire-drastiquement-ses-vols-en-cas-d-alternative-ferroviaire\">r\u00e9duction du trafic a\u00e9rien<\/a> et la reconversion de ce secteur, en solidarit\u00e9 avec les salari\u00e9.es qui subissent une crise sociale due \u00e0 des mauvais choix politiques.<\/p>\n<div><img loading=\"lazy\" decoding=\"async\" class=\"spip_logo spip_logos aligncenter\" src=\"https:\/\/reporterre.net\/local\/cache-vignettes\/L707xH500\/arton20827-a0d20.jpg?1597400791\" alt=\"Le 3\u00a0octobre, marchons sur les a\u00e9roports&lt;small class=&quot;fine d-inline&quot;&gt;\u00a0&lt;\/small&gt;!\" width=\"494\" height=\"350\" \/><\/div>\n<p>La crise du <a href=\"https:\/\/reporterre.net\/Coronavirus\">Covid-19<\/a> a clou\u00e9 les avions au sol comme jamais auparavant. Cette situation, n\u00e9cessaire pour stopper la propagation du virus, a provoqu\u00e9 un terrible choc pour tout le secteur a\u00e9ronautique et ses employ\u00e9.es.<\/p>\n<p><!--more--><\/p>\n<p>Le gouvernement fran\u00e7ais a accord\u00e9 <a href=\"https:\/\/reporterre.net\/Pour-Air-France-un-plan-d-aide-peu-ecolo-et-non-contraignant\">des milliards d\u2019euros pour relancer ce secteur<\/a>, mais sans la moindre condition ambitieuse pour prot\u00e9ger le climat et l\u2019emploi. Malgr\u00e9 leur \u00e9chec \u00e0 respecter leurs engagements \u00e9cologiques, d\u00e9j\u00e0 insuffisants, les dirigeants du pays et ceux des grandes entreprises a\u00e9ronautiques s\u2019autorisent ainsi \u00e0 continuer leur course effr\u00e9n\u00e9e vers le chaos climatique et social. Le transport a\u00e9rien est d\u00e9j\u00e0 \u00e0 l\u2019origine d\u2019au moins <a class=\"spip_out\" href=\"https:\/\/reseauactionclimat.org\/tribune-transport-aerien-et-climat-il-est-temps-datterrir\/\" rel=\"external\">5<small class=\"fine d-inline\">\u00a0<\/small>% du r\u00e9chauffement climatique<\/a> mondial, autant qu\u2019un pays comme l\u2019Allemagne, et esp\u00e8re cro\u00eetre encore.<\/p>\n<p>Les directions des entreprises de l\u2019a\u00e9ronautique, notamment Air France et Airbus, annoncent d\u00e9j\u00e0 la <a class=\"spip_out\" href=\"https:\/\/www.lepoint.fr\/economie\/air-france-pourrait-supprimer-jusqu-a-10-000-postes-17-06-2020-2380586_28.php\" rel=\"external\">suppression de milliers d\u2019emplois<\/a>, malgr\u00e9 le soutien massif de l\u2019\u00c9tat. En misant sur une croissance infinie du trafic et sur d\u2019hypoth\u00e9tiques innovations technologiques, ces dirigeants mettent en p\u00e9ril \u00e0 la fois la situation des salari\u00e9\u00b7es et notre \u00e9cosyst\u00e8me, et ce avec la complicit\u00e9 des responsables politiques.<\/p>\n<h3 class=\"spip\">R\u00e9duire le trafic et reconvertir les emplois<\/h3>\n<p>La p\u00e9riode de confinement a montr\u00e9 que les pouvoirs publics sont capables de diminuer rapidement et drastiquement le trafic a\u00e9rien si les conditions l\u2019exigent. Or le d\u00e9r\u00e8glement climatique est un p\u00e9ril encore plus grave que l\u2019actuelle crise sanitaire. Relancer l\u2019aviation et <a href=\"https:\/\/reporterre.net\/Le-train-grand-oublie-des-plans-de-relance\">laisser d\u00e9p\u00e9rir les transports bas carbone comme le train<\/a> sont deux erreurs politiques aux cons\u00e9quences dramatiques.<\/p>\n<p>Aussi, nous l\u2019affirmons clairement\u00a0: utiliser l\u2019argent public pour maintenir sous perfusion une industrie incompatible avec la pr\u00e9servation de conditions de vie dignes sur Terre, c\u2019est non. Laisser croire qu\u2019une aviation \u00e9cologiquement responsable est possible dans les prochaines d\u00e9cennies, c\u2019est non. Risquer l\u2019avenir de l\u2019ensemble des salari\u00e9\u00b7es du secteur a\u00e9ronautique, c\u2019est non.<\/p>\n<p>En revanche, c\u2019est un grand oui pour soutenir les travailleuses et travailleurs de l\u2019a\u00e9ronautique, pour organiser avec elles et eux la reconversion de cette industrie vers des transports d\u00e9carbon\u00e9s, pour prendre en compte les riverain\u00b7es qui subissent les nuisances de l\u2019aviation et pour repenser collectivement, \u00e0 l\u2019\u00e9chelle de la soci\u00e9t\u00e9, nos besoins en d\u00e9placement.<\/p>\n<dl class=\"spip_document_31584 spip_documents spip_documents_center\">\n<dt><a class=\"cboxElement hasbox\" title=\"Relancer l'aviation et laisser d\u00e9p\u00e9rir les transports bas carbone comme le train sont deux erreurs politiques aux cons\u00e9quences dramatiques. \" href=\"https:\/\/reporterre.net\/IMG\/jpg\/l_intercites_de_nuit_paris_-_austerlitz_briancon_entre_en_gare_de_briancon.jpg\" type=\"image\/jpeg\"><img loading=\"lazy\" decoding=\"async\" class=\"lazy aligncenter\" src=\"https:\/\/reporterre.net\/local\/cache-vignettes\/L720xH405\/l_intercites_de_nuit_paris_-_austerlitz_briancon_entre_en_gare_de_briancon-1b300.jpg?1597400791\" alt=\"\" width=\"489\" height=\"275\" data-original=\"local\/cache-vignettes\/L720xH405\/l_intercites_de_nuit_paris_-_austerlitz_briancon_entre_en_gare_de_briancon-1b300.jpg?1597400791\" \/><\/a><\/dt>\n<dt class=\"spip_doc_titre\"><strong>Relancer l\u2019aviation et laisser d\u00e9p\u00e9rir les transports bas carbone comme le train sont deux erreurs politiques aux cons\u00e9quences dramatiques. <\/strong><\/dt>\n<\/dl>\n<h3 class=\"spip\">Pour notre avenir \u00e0 toutes et \u00e0 tous, nous marcherons sur les a\u00e9roports<\/h3>\n<p>Nous avons une occasion historique de faire le bon choix. Les pistes de mesures sont nombreuses\u00a0:<br \/>\n<img loading=\"lazy\" decoding=\"async\" class=\"puce\" src=\"https:\/\/reporterre.net\/squelettes-dist\/puce.gif\" alt=\"-\" width=\"8\" height=\"11\" \/>\u00a0<a href=\"https:\/\/reporterre.net\/Les-compagnies-aeriennes-devront-fermer-leurs-vols-interieurs-en-cas-d-alternative-ferroviaire\">fermer les liaisons int\u00e9rieures qui sont r\u00e9alisables en train<\/a><small class=\"fine d-inline\">\u00a0<\/small>;<br \/>\n<img loading=\"lazy\" decoding=\"async\" class=\"puce\" src=\"https:\/\/reporterre.net\/squelettes-dist\/puce.gif\" alt=\"-\" width=\"8\" height=\"11\" \/>\u00a0abandonner les <a href=\"https:\/\/reporterre.net\/Contre-l-extension-de-l-aeroport-de-Roissy-15-associations-deposent-un-recours\">projets d\u2019extension d\u2019a\u00e9roports<\/a><small class=\"fine d-inline\">\u00a0<\/small>;<br \/>\n<img loading=\"lazy\" decoding=\"async\" class=\"puce\" src=\"https:\/\/reporterre.net\/squelettes-dist\/puce.gif\" alt=\"-\" width=\"8\" height=\"11\" \/>\u00a0<a href=\"https:\/\/reporterre.net\/Contre-les-nuisances-de-l-aviation-une-reponse-taxer-lourdement-le\">taxer le k\u00e9ros\u00e8ne<\/a><br \/>\n<img loading=\"lazy\" decoding=\"async\" class=\"puce\" src=\"https:\/\/reporterre.net\/squelettes-dist\/puce.gif\" alt=\"-\" width=\"8\" height=\"11\" \/>\u00a0garantir l\u2019emploi des travailleuses et travailleurs et accompagner la reconversion de ce secteur<small class=\"fine d-inline\">\u00a0<\/small>;<br \/>\n<img loading=\"lazy\" decoding=\"async\" class=\"puce\" src=\"https:\/\/reporterre.net\/squelettes-dist\/puce.gif\" alt=\"-\" width=\"8\" height=\"11\" \/>\u00a0r\u00e9orienter les subventions publiques (notamment les actuelles subventions aux a\u00e9roports r\u00e9gionaux d\u00e9ficitaires et aux compagnies <i>low-cost<\/i>) vers le d\u00e9veloppement des alternatives, <a class=\"spip_out\" href=\"https:\/\/reseauactionclimat.org\/sondage-des-gaulois-pas-si-refractaires-a-laction-climatique\/\" rel=\"external\">notamment le train comme le souhaitent 81<small class=\"fine d-inline\">\u00a0<\/small>% des Fran\u00e7ais\u00b7es<\/a>\u2026<\/p>\n<p>Or, ce n\u2019est pas le choix que fait notre gouvernement. Alors, faisons entendre notre voix\u00a0: le samedi 3\u00a0octobre, marchons sur les a\u00e9roports<small class=\"fine d-inline\">\u00a0<\/small>!\u00a0Dans des cort\u00e8ges color\u00e9s et d\u00e9termin\u00e9s, familiaux et non-violents, \u00e0 pied, \u00e0 v\u00e9lo, nous marcherons sur les a\u00e9roports des grandes villes, sur les a\u00e9roports r\u00e9gionaux, sur les a\u00e9roports de jets priv\u00e9s. Le trafic en sera grandement perturb\u00e9, aussi nous l\u2019annon\u00e7ons d\u00e8s aujourd\u2019hui pour que chacun\u00b7e prenne ses dispositions et ne pr\u00e9voie pas de vol ce jour-l\u00e0.<\/p>\n<p>Cette journ\u00e9e blanche sera l\u2019occasion de faire passer notre message\u00a0: nous ne voulons pas subir les cons\u00e9quences dramatiques de l\u2019inaction climatique, nous voulons pr\u00e9server la sant\u00e9 de toutes et tous, les conditions de vie des g\u00e9n\u00e9rations pr\u00e9sentes et futures. Choisissons d\u00e8s maintenant la r\u00e9duction du trafic a\u00e9rien et la reconversion de ce secteur<small class=\"fine d-inline\">\u00a0<\/small>!<\/p>\n<p>Pour soutenir l\u2019appel, <a class=\"spip_out\" href=\"https:\/\/alternatiba.eu\/2020\/07\/le-3-octobre-marchons-sur-les-aeroports\/#soutenir\" rel=\"external\">rendez-vous sur le site d\u2019Alternatiba<\/a>.<\/p>\n","protected":false},"excerpt":{"rendered":"<p>\u00ab\u00a0Utiliser l\u2019argent public pour maintenir sous perfusion une industrie incompatible avec la pr\u00e9servation de conditions de vie dignes sur Terre, c\u2019est non\u00a0\u00bb, clament les auteurs de cette tribune. Ils appellent donc, le samedi 3\u00a0octobre, \u00e0 \u00ab\u00a0marcher sur les a\u00e9roports\u00a0\u00bb, dans &hellip; <a href=\"https:\/\/www.partipourladecroissance.net\/?p=9640\">Continuer la lecture <span class=\"meta-nav\">&rarr;<\/span><\/a><\/p>\n","protected":false},"author":7,"featured_media":0,"comment_status":"open","ping_status":"open","sticky":false,"template":"","format":"standard","meta":{"footnotes":""},"categories":[33],"tags":[],"class_list":["post-9640","post","type-post","status-publish","format-standard","hentry","category-soutiens-du-ppld"],"_links":{"self":[{"href":"https:\/\/www.partipourladecroissance.net\/index.php?rest_route=\/wp\/v2\/posts\/9640","targetHints":{"allow":["GET"]}}],"collection":[{"href":"https:\/\/www.partipourladecroissance.net\/index.php?rest_route=\/wp\/v2\/posts"}],"about":[{"href":"https:\/\/www.partipourladecroissance.net\/index.php?rest_route=\/wp\/v2\/types\/post"}],"author":[{"embeddable":true,"href":"https:\/\/www.partipourladecroissance.net\/index.php?rest_route=\/wp\/v2\/users\/7"}],"replies":[{"embeddable":true,"href":"https:\/\/www.partipourladecroissance.net\/index.php?rest_route=%2Fwp%2Fv2%2Fcomments&post=9640"}],"version-history":[{"count":2,"href":"https:\/\/www.partipourladecroissance.net\/index.php?rest_route=\/wp\/v2\/posts\/9640\/revisions"}],"predecessor-version":[{"id":9642,"href":"https:\/\/www.partipourladecroissance.net\/index.php?rest_route=\/wp\/v2\/posts\/9640\/revisions\/9642"}],"wp:attachment":[{"href":"https:\/\/www.partipourladecroissance.net\/index.php?rest_route=%2Fwp%2Fv2%2Fmedia&parent=9640"}],"wp:term":[{"taxonomy":"category","embeddable":true,"href":"https:\/\/www.partipourladecroissance.net\/index.php?rest_route=%2Fwp%2Fv2%2Fcategories&post=9640"},{"taxonomy":"post_tag","embeddable":true,"href":"https:\/\/www.partipourladecroissance.net\/index.php?rest_route=%2Fwp%2Fv2%2Ftags&post=9640"}],"curies":[{"name":"wp","href":"https:\/\/api.w.org\/{rel}","templated":true}]}}