{"id":9650,"date":"2021-06-10T07:37:44","date_gmt":"2021-06-10T06:37:44","guid":{"rendered":"https:\/\/www.partipourladecroissance.net\/?p=9650"},"modified":"2021-11-04T17:30:50","modified_gmt":"2021-11-04T16:30:50","slug":"pour-une-candidature-unique-et-gagnante-en-2022-avec-la-decroissance-signez-lappel-pour-une-primaire-populaire","status":"publish","type":"post","link":"https:\/\/www.partipourladecroissance.net\/?p=9650","title":{"rendered":"Pour une candidature unique et gagnante en 2022, avec la d\u00e9croissance : signez l&rsquo;appel pour une primaire populaire"},"content":{"rendered":"<p><strong><a href=\"https:\/\/primairepopulaire.fr\/\" rel=\"attachment wp-att-9656\"><img loading=\"lazy\" decoding=\"async\" class=\"alignleft wp-image-9656\" src=\"https:\/\/www.partipourladecroissance.net\/wp-content\/uploads\/2021\/06\/primaire-populaire.png\" alt=\"\" width=\"232\" height=\"117\" srcset=\"https:\/\/www.partipourladecroissance.net\/wp-content\/uploads\/2021\/06\/primaire-populaire.png 1102w, https:\/\/www.partipourladecroissance.net\/wp-content\/uploads\/2021\/06\/primaire-populaire-300x152.png 300w, https:\/\/www.partipourladecroissance.net\/wp-content\/uploads\/2021\/06\/primaire-populaire-1024x518.png 1024w, https:\/\/www.partipourladecroissance.net\/wp-content\/uploads\/2021\/06\/primaire-populaire-768x388.png 768w\" sizes=\"auto, (max-width: 232px) 100vw, 232px\" \/><\/a><a href=\"http:\/\/www.partipourladecroissance.net\/?page_id=7567\"><img loading=\"lazy\" decoding=\"async\" class=\"alignright\" src=\"http:\/\/www.partipourladecroissance.net\/wp-content\/uploads\/2008\/12\/logo-ppld.gif\" width=\"190\" height=\"109\" \/><\/a>Le PPLD rejoint la dynamique collective de la <a href=\"http:\/\/primairepopulaire.fr\/\" target=\"_blank\" rel=\"noopener noreferrer\" data-saferedirecturl=\"https:\/\/www.google.com\/url?q=http:\/\/primairepopulaire.fr\/&amp;source=gmail&amp;ust=1623392688416000&amp;usg=AFQjCNE68EaG3YPGIsJQb4CT_N3lWvkgtg\">primaire populaire<\/a> afin d&rsquo;y pr\u00e9senter les id\u00e9es de la <a href=\"http:\/\/www.projet-decroissance.net\/?p=2555\" target=\"_blank\" rel=\"noopener noreferrer\" data-saferedirecturl=\"https:\/\/www.google.com\/url?q=http:\/\/www.projet-decroissance.net\/?p%3D2555&amp;source=gmail&amp;ust=1623392688416000&amp;usg=AFQjCNFW7ajd0VS8RgW4av8sb1AiUHZKAQ\">d\u00e9croissance<\/a>. <\/strong>En effet, nous nous retrouvons dans la d\u00e9marche citoyenne propos\u00e9e par ce mouvement.<\/p>\n<p>Seule une d\u00e9mocratie vivifi\u00e9e, plus directe, participative et cr\u00e9ative est \u00e0 m\u00eame de nous sortir avec s\u00e9r\u00e9nit\u00e9 et solidarit\u00e9 de l&rsquo;impasse morbide que nous impose les m\u00e9dias dominants au service d&rsquo;une oligarchie financi\u00e8re.<\/p>\n<p>Il ne se passe pas une semaine sans que la d\u00e9croissance soit la cible d&rsquo;un <a href=\"https:\/\/www.nouvelobs.com\/idees\/20210421.OBS43074\/en-france-la-decroissance-est-la-cible-d-un-veritable-tabassage-intellectuel.html\" target=\"_blank\" rel=\"noopener noreferrer\" data-saferedirecturl=\"https:\/\/www.google.com\/url?q=https:\/\/www.nouvelobs.com\/idees\/20210421.OBS43074\/en-france-la-decroissance-est-la-cible-d-un-veritable-tabassage-intellectuel.html&amp;source=gmail&amp;ust=1623392688416000&amp;usg=AFQjCNEGd7rw7tLEOOdQj0BrFu5odVhCWw\">v\u00e9ritable tabassage m\u00e9diatique<\/a>. Comme nous l&rsquo;\u00e9crivions il y a un an, <a href=\"http:\/\/www.projet-decroissance.net\/?p=2690\" target=\"_blank\" rel=\"noopener noreferrer\" data-saferedirecturl=\"https:\/\/www.google.com\/url?q=http:\/\/www.projet-decroissance.net\/?p%3D2690&amp;source=gmail&amp;ust=1623392688416000&amp;usg=AFQjCNFKa9jbnhQpGy5Z8m6prLXWoCI5ag\">un spectre hante la pens\u00e9e dominante<\/a>. Il ne s&rsquo;agit, ni du changement climatique, ni de la chute de la biodiversit\u00e9 ou de la pand\u00e9mie de Covid-19. Il s&rsquo;agit encore moins de la mont\u00e9e des in\u00e9galit\u00e9s ou de l&rsquo;exacerbation des haines, des tensions au sein de la soci\u00e9t\u00e9 fran\u00e7aise. Non, ils ont peur de la d\u00e9croissance, signe d&rsquo;\u00e9mancipation et de partage, de sobri\u00e9t\u00e9 et de joie de vivre, de solidarit\u00e9 et de convivialit\u00e9.<\/p>\n<p>Le pseudo-d\u00e9bat que l&rsquo;on nous impose, entre illib\u00e9raux et lib\u00e9raux, entre fascistes et soit-disant d\u00e9fenseurs des valeurs de la r\u00e9publique ne sert que de <a href=\"https:\/\/www.partipourladecroissance.net\/?p=9315\" target=\"_blank\" rel=\"noopener noreferrer\" data-saferedirecturl=\"https:\/\/www.google.com\/url?q=https:\/\/www.partipourladecroissance.net\/?p%3D9315&amp;source=gmail&amp;ust=1623392688417000&amp;usg=AFQjCNG-YjkeLjlBj5orO14gwd_H_nPw5g\">cache sexe aux vrais enjeux<\/a>. Les enqu\u00eates d&rsquo;opinion se suivent et confirment que les citoyennes et citoyens s&rsquo;int\u00e9ressent d&rsquo;abord aux enjeux environnementaux et de justice sociales. Pour y r\u00e9pondre, ils sont <a href=\"https:\/\/www.partipourladecroissance.net\/?p=9528\" target=\"_blank\" rel=\"noopener noreferrer\" data-saferedirecturl=\"https:\/\/www.google.com\/url?q=https:\/\/www.partipourladecroissance.net\/?p%3D9528&amp;source=gmail&amp;ust=1623392688417000&amp;usg=AFQjCNHGYa-rgYuMVoaB68LukoAp-VvKcg\">majoritaires \u00e0 rejeter l&rsquo;imposture de la croissance verte<\/a>, smart ou inclusive et ont conscience que seule <a href=\"https:\/\/www.nouvelobs.com\/bibliobs\/20210513.OBS43986\/faut-il-avoir-peur-de-la-decroissance.html\" target=\"_blank\" rel=\"noopener noreferrer\" data-saferedirecturl=\"https:\/\/www.google.com\/url?q=https:\/\/www.nouvelobs.com\/bibliobs\/20210513.OBS43986\/faut-il-avoir-peur-de-la-decroissance.html&amp;source=gmail&amp;ust=1623392688417000&amp;usg=AFQjCNE7Wl0zRbE4gsP8nOdI8kKRjNB9Lg\">la d\u00e9croissance offre les bonnes perspectives<\/a>.<\/p>\n<p>Il est donc important de faire vivre la d\u00e9mocratie et d&rsquo;y ouvrir le d\u00e9bat de la d\u00e9croissance pour une candidature citoyenne suffisamment forte pour contraindre les partis politiques proches de nos id\u00e9es \u00e0 s&rsquo;y associer.<\/p>\n<p><strong>C&rsquo;est pourquoi, nous vous invitons <a href=\"http:\/\/primairepopulaire.fr\/\" target=\"_blank\" rel=\"noopener noreferrer\" data-saferedirecturl=\"https:\/\/www.google.com\/url?q=http:\/\/primairepopulaire.fr\/&amp;source=gmail&amp;ust=1623392688417000&amp;usg=AFQjCNHUQuoxWGn-fmmJc8fdEkJETbAXcQ\">\u00e0 signer l&rsquo;appel<\/a> et \u00e0 soutenir les id\u00e9es que nous pr\u00e9senterons dans les semaines qui viennent autour d&rsquo;un <a href=\"http:\/\/www.projet-decroissance.net\/?p=2243\" target=\"_blank\" rel=\"noopener noreferrer\" data-saferedirecturl=\"https:\/\/www.google.com\/url?q=http:\/\/www.projet-decroissance.net\/?p%3D2243&amp;source=gmail&amp;ust=1623392688417000&amp;usg=AFQjCNH7Xqx2WSnF2-zxFv4OrnljkiIltg\">Projet de D\u00e9croissance<\/a>.<\/strong><\/p>\n","protected":false},"excerpt":{"rendered":"<p>Le PPLD rejoint la dynamique collective de la primaire populaire afin d&rsquo;y pr\u00e9senter les id\u00e9es de la d\u00e9croissance. En effet, nous nous retrouvons dans la d\u00e9marche citoyenne propos\u00e9e par ce mouvement. Seule une d\u00e9mocratie vivifi\u00e9e, plus directe, participative et cr\u00e9ative &hellip; <a href=\"https:\/\/www.partipourladecroissance.net\/?p=9650\">Continuer la lecture <span class=\"meta-nav\">&rarr;<\/span><\/a><\/p>\n","protected":false},"author":7,"featured_media":0,"comment_status":"open","ping_status":"open","sticky":false,"template":"","format":"standard","meta":{"footnotes":""},"categories":[3,33],"tags":[],"class_list":["post-9650","post","type-post","status-publish","format-standard","hentry","category-actualites","category-soutiens-du-ppld"],"_links":{"self":[{"href":"https:\/\/www.partipourladecroissance.net\/index.php?rest_route=\/wp\/v2\/posts\/9650","targetHints":{"allow":["GET"]}}],"collection":[{"href":"https:\/\/www.partipourladecroissance.net\/index.php?rest_route=\/wp\/v2\/posts"}],"about":[{"href":"https:\/\/www.partipourladecroissance.net\/index.php?rest_route=\/wp\/v2\/types\/post"}],"author":[{"embeddable":true,"href":"https:\/\/www.partipourladecroissance.net\/index.php?rest_route=\/wp\/v2\/users\/7"}],"replies":[{"embeddable":true,"href":"https:\/\/www.partipourladecroissance.net\/index.php?rest_route=%2Fwp%2Fv2%2Fcomments&post=9650"}],"version-history":[{"count":7,"href":"https:\/\/www.partipourladecroissance.net\/index.php?rest_route=\/wp\/v2\/posts\/9650\/revisions"}],"predecessor-version":[{"id":9661,"href":"https:\/\/www.partipourladecroissance.net\/index.php?rest_route=\/wp\/v2\/posts\/9650\/revisions\/9661"}],"wp:attachment":[{"href":"https:\/\/www.partipourladecroissance.net\/index.php?rest_route=%2Fwp%2Fv2%2Fmedia&parent=9650"}],"wp:term":[{"taxonomy":"category","embeddable":true,"href":"https:\/\/www.partipourladecroissance.net\/index.php?rest_route=%2Fwp%2Fv2%2Fcategories&post=9650"},{"taxonomy":"post_tag","embeddable":true,"href":"https:\/\/www.partipourladecroissance.net\/index.php?rest_route=%2Fwp%2Fv2%2Ftags&post=9650"}],"curies":[{"name":"wp","href":"https:\/\/api.w.org\/{rel}","templated":true}]}}