{"id":9668,"date":"2021-07-28T18:05:09","date_gmt":"2021-07-28T17:05:09","guid":{"rendered":"https:\/\/www.partipourladecroissance.net\/?p=9668"},"modified":"2021-11-04T17:30:40","modified_gmt":"2021-11-04T16:30:40","slug":"la-decroissance-aux-presidentielles-avec-la-primaire-populaire","status":"publish","type":"post","link":"https:\/\/www.partipourladecroissance.net\/?p=9668","title":{"rendered":"La d\u00e9croissance aux pr\u00e9sidentielles avec la primaire populaire"},"content":{"rendered":"<div>\n<p><strong>Comme nous l&rsquo;annoncions, le PPLD s&rsquo;associe \u00e0 <a href=\"https:\/\/primairepopulaire.fr\/\">la primaire populaire pour les pr\u00e9sidentielles de 2022<\/a>. Les parrainages sont ouverts et nous vous invitons \u00e0 proposer nos compagnons de route afin que la d\u00e9croissance participe pleinement aux d\u00e9bats.<\/strong> Il est possible de parrainer plusieurs personnes donc plusieurs d\u00e9croissant.e.s.<\/p>\n<p><a href=\"https:\/\/www.partipourladecroissance.net\/?attachment_id=9612\" rel=\"attachment wp-att-9612\"><img loading=\"lazy\" decoding=\"async\" class=\" wp-image-9612 aligncenter\" src=\"https:\/\/www.partipourladecroissance.net\/wp-content\/uploads\/2020\/04\/quand-bien-meme-2010-p.jpg\" alt=\"\" width=\"333\" height=\"231\" srcset=\"https:\/\/www.partipourladecroissance.net\/wp-content\/uploads\/2020\/04\/quand-bien-meme-2010-p.jpg 450w, https:\/\/www.partipourladecroissance.net\/wp-content\/uploads\/2020\/04\/quand-bien-meme-2010-p-300x208.jpg 300w\" sizes=\"auto, (max-width: 333px) 100vw, 333px\" \/><\/a>Comment \u00e7a marche : de juillet \u00e0 septembre, un processus de parrainage citoyen est mis en place. Chaque citoyen ou citoyenne peut :<br \/>\n\u2014 exprimer son soutien aux candidats et candidates pr\u00e9sents <a href=\"https:\/\/www.parrainages-primairepopulaire.fr\/\">sur la plateforme en les parrainant.<\/a><br \/>\n\u2014 proposer d\u2019autres noms si aucun des candidats pr\u00e9sents sur la plateforme ne lui semble pertinent.<br \/>\nEnsuite, c&rsquo;est d\u00e9bat et d\u00e9signation autour des 10 personnalit\u00e9s qui ont recueilli le plus de parrainage.<\/p>\n<p>Voici une liste ouverte que nous vous invitons \u00e0 parrainer. L&rsquo;enjeu est d&rsquo;abord d&rsquo;atteindre les 500 parrainages. Pour chacune des cinq personnalit\u00e9s suivantes (*), nous mettons en avant une vid\u00e9o, un podcast, un livre ou un texte : <a href=\"https:\/\/www.liberation.fr\/debats\/2019\/10\/22\/corinne-morel-darleux-refuser-un-poste-sortir-de-la-surconsommation-c-est-affirmer-que-cette-societe_1759102\/\" target=\"_blank\" rel=\"noopener\" data-saferedirecturl=\"https:\/\/www.google.com\/url?q=https:\/\/www.liberation.fr\/debats\/2019\/10\/22\/corinne-morel-darleux-refuser-un-poste-sortir-de-la-surconsommation-c-est-affirmer-que-cette-societe_1759102\/&amp;source=gmail&amp;ust=1627545056511000&amp;usg=AFQjCNFrr6Fg7WYh_TW2JAwJETOEzluZug\">Corinne Morel Darleux,<\/a> <a href=\"https:\/\/usbeketrica.com\/fr\/article\/paul-aries-gratuite-decroissance-transports\" target=\"_blank\" rel=\"noopener\" data-saferedirecturl=\"https:\/\/www.google.com\/url?q=https:\/\/imagotv.fr\/podcasts\/sismique\/15&amp;source=gmail&amp;ust=1627545056511000&amp;usg=AFQjCNFFBY_TnfoCDTbq2hDKXRw58lW4rw\">Paul Ari\u00e8s, <\/a><a href=\"https:\/\/www.arte.tv\/fr\/videos\/099191-001-A\/laure-noualhat-ecolo-mais-pas-depressive\/\" target=\"_blank\" rel=\"noopener\" data-saferedirecturl=\"https:\/\/www.google.com\/url?q=https:\/\/www.arte.tv\/fr\/videos\/099191-001-A\/laure-noualhat-ecolo-mais-pas-depressive\/&amp;source=gmail&amp;ust=1627545056511000&amp;usg=AFQjCNG6sTgkpHmzurMkojT8pX9gHeiWNQ\">Laure Nouhalat<\/a><a href=\"https:\/\/imagotv.fr\/podcasts\/sismique\/15\" target=\"_blank\" rel=\"noopener\" data-saferedirecturl=\"https:\/\/www.google.com\/url?q=https:\/\/imagotv.fr\/podcasts\/sismique\/15&amp;source=gmail&amp;ust=1627545056511000&amp;usg=AFQjCNFFBY_TnfoCDTbq2hDKXRw58lW4rw\">, Vincent Liegey,<\/a> <a href=\"https:\/\/www.lepluraliste.fr\/page\/1508844-la-decroissance\" target=\"_blank\" rel=\"noopener\" data-saferedirecturl=\"https:\/\/www.google.com\/url?q=https:\/\/www.lepluraliste.fr\/page\/1508844-la-decroissance&amp;source=gmail&amp;ust=1627545056511000&amp;usg=AFQjCNGEbe7Udh9-Ry5-3sU4yZGQPK5rMw\">Agn\u00e9s Sina\u00ef<\/a>. Il y en a aussi beaucoup d&rsquo;autres, que vous pouvez retrouver parmi les 150 premiers signataires de <a href=\"https:\/\/blogs.mediapart.fr\/initiatives-decroissantes\/blog\/230118\/appel-bientot-il-sera-trop-tard-que-faire-court-et-long-terme\" target=\"_blank\" rel=\"noopener\" data-saferedirecturl=\"https:\/\/www.google.com\/url?q=https:\/\/blogs.mediapart.fr\/initiatives-decroissantes\/blog\/230118\/appel-bientot-il-sera-trop-tard-que-faire-court-et-long-terme&amp;source=gmail&amp;ust=1627545056511000&amp;usg=AFQjCNGpcZyMTInW-8xUgL8-DlcHyKejjg\">l&rsquo;appel Demain il sera trop tard<\/a> lanc\u00e9 en 2018 ou parmi ceux qui rejoignent nos id\u00e9es comme Aur\u00e9lien Barreau, Camille Etienne ou encore des politiques comme Fran\u00e7ois Ruffin, Delphine Batho, Benoit Hamon. L&rsquo;offre est riche, faisons vivre les d\u00e9bats.<\/p>\n<p>Il ne se passe pas une semaine sans que la d\u00e9croissance soit la cible d\u2019un <a href=\"https:\/\/www.nouvelobs.com\/idees\/20210421.OBS43074\/en-france-la-decroissance-est-la-cible-d-un-veritable-tabassage-intellectuel.html\" target=\"_blank\" rel=\"noopener noreferrer\" data-saferedirecturl=\"https:\/\/www.google.com\/url?q=https:\/\/www.nouvelobs.com\/idees\/20210421.OBS43074\/en-france-la-decroissance-est-la-cible-d-un-veritable-tabassage-intellectuel.html&amp;source=gmail&amp;ust=1627545056511000&amp;usg=AFQjCNEQwlo-Q09K-kosjrK0SWsEm1ZrFw\">v\u00e9ritable tabassage m\u00e9diatique<\/a>. Comme nous l\u2019\u00e9crivions il y a un an,\u00a0<a href=\"http:\/\/www.projet-decroissance.net\/?p=2690\" target=\"_blank\" rel=\"noopener noreferrer\" data-saferedirecturl=\"https:\/\/www.google.com\/url?q=http:\/\/www.projet-decroissance.net\/?p%3D2690&amp;source=gmail&amp;ust=1627545056511000&amp;usg=AFQjCNHY5Wk3jrtNimcCXRZ29OoXYshS0w\">un spectre hante la pens\u00e9e dominante<\/a>. Il ne s\u2019agit, ni du changement climatique, ni de la chute de la biodiversit\u00e9 ou de la pand\u00e9mie de Covid-19. Il s\u2019agit encore moins de la mont\u00e9e des in\u00e9galit\u00e9s, de l&rsquo;autoritarisme ou de l\u2019exacerbation des haines, des tensions au sein de la soci\u00e9t\u00e9 fran\u00e7aise. Non, ils ont peur de la d\u00e9croissance, signe d\u2019\u00e9mancipation et de partage, de sobri\u00e9t\u00e9 et de joie de vivre, de solidarit\u00e9 et de convivialit\u00e9.<\/p>\n<p>Le pseudo-d\u00e9bat que l\u2019on nous impose, entre illib\u00e9raux et lib\u00e9raux, entre fascistes et soit-disant d\u00e9fenseurs des valeurs de la r\u00e9publique ne sert que de\u00a0<a href=\"https:\/\/www.partipourladecroissance.net\/?p=9315\" target=\"_blank\" rel=\"noopener noreferrer\" data-saferedirecturl=\"https:\/\/www.google.com\/url?q=https:\/\/www.partipourladecroissance.net\/?p%3D9315&amp;source=gmail&amp;ust=1627545056511000&amp;usg=AFQjCNHUn0xZ6xIcorWWrjISAHZLAr6mXg\">cache sexe aux vrais enjeux<\/a>. Les enqu\u00eates d\u2019opinion se suivent et confirment que les citoyennes et citoyens s\u2019int\u00e9ressent d\u2019abord aux enjeux environnementaux et de justice sociales. Pour y r\u00e9pondre, ils sont\u00a0<a href=\"https:\/\/www.partipourladecroissance.net\/?p=9528\" target=\"_blank\" rel=\"noopener noreferrer\" data-saferedirecturl=\"https:\/\/www.google.com\/url?q=https:\/\/www.partipourladecroissance.net\/?p%3D9528&amp;source=gmail&amp;ust=1627545056511000&amp;usg=AFQjCNE8UeHEf7efKySjS6oiWoJ8od6Otw\">majoritaires \u00e0 rejeter l\u2019imposture de la croissance verte<\/a>, smart ou inclusive et ont conscience que seule\u00a0<a href=\"https:\/\/www.nouvelobs.com\/bibliobs\/20210513.OBS43986\/faut-il-avoir-peur-de-la-decroissance.html\" target=\"_blank\" rel=\"noopener noreferrer\" data-saferedirecturl=\"https:\/\/www.google.com\/url?q=https:\/\/www.nouvelobs.com\/bibliobs\/20210513.OBS43986\/faut-il-avoir-peur-de-la-decroissance.html&amp;source=gmail&amp;ust=1627545056511000&amp;usg=AFQjCNH7z6oRPHSOd2djmJWXlG0vk3ZBeg\">la d\u00e9croissance offre les bonnes perspectives<\/a>. Comment faire incarner ces tendances fortes ?<\/p>\n<p>Il est donc important de faire vivre la d\u00e9mocratie et d\u2019y ouvrir le d\u00e9bat de la d\u00e9croissance pour une candidature citoyenne suffisamment forte pour contraindre les partis politiques proches de nos id\u00e9es et au-del\u00e0 \u00e0 s\u2019y associer.<\/p>\n<p>(*) Dans l&rsquo;esprit de la primaire citoyenne, nous n&rsquo;avons ni pr\u00e9venu, ni obtenu le consentement de ces personnes, c&rsquo;est aux citoyennes et citoyens de choisir.<\/p>\n<\/div>\n","protected":false},"excerpt":{"rendered":"<p>Comme nous l&rsquo;annoncions, le PPLD s&rsquo;associe \u00e0 la primaire populaire pour les pr\u00e9sidentielles de 2022. Les parrainages sont ouverts et nous vous invitons \u00e0 proposer nos compagnons de route afin que la d\u00e9croissance participe pleinement aux d\u00e9bats. Il est possible &hellip; <a href=\"https:\/\/www.partipourladecroissance.net\/?p=9668\">Continuer la lecture <span class=\"meta-nav\">&rarr;<\/span><\/a><\/p>\n","protected":false},"author":7,"featured_media":0,"comment_status":"open","ping_status":"open","sticky":false,"template":"","format":"standard","meta":{"footnotes":""},"categories":[3,8,32],"tags":[],"class_list":["post-9668","post","type-post","status-publish","format-standard","hentry","category-actualites","category-communiques-de-presse","category-elections"],"_links":{"self":[{"href":"https:\/\/www.partipourladecroissance.net\/index.php?rest_route=\/wp\/v2\/posts\/9668","targetHints":{"allow":["GET"]}}],"collection":[{"href":"https:\/\/www.partipourladecroissance.net\/index.php?rest_route=\/wp\/v2\/posts"}],"about":[{"href":"https:\/\/www.partipourladecroissance.net\/index.php?rest_route=\/wp\/v2\/types\/post"}],"author":[{"embeddable":true,"href":"https:\/\/www.partipourladecroissance.net\/index.php?rest_route=\/wp\/v2\/users\/7"}],"replies":[{"embeddable":true,"href":"https:\/\/www.partipourladecroissance.net\/index.php?rest_route=%2Fwp%2Fv2%2Fcomments&post=9668"}],"version-history":[{"count":6,"href":"https:\/\/www.partipourladecroissance.net\/index.php?rest_route=\/wp\/v2\/posts\/9668\/revisions"}],"predecessor-version":[{"id":9675,"href":"https:\/\/www.partipourladecroissance.net\/index.php?rest_route=\/wp\/v2\/posts\/9668\/revisions\/9675"}],"wp:attachment":[{"href":"https:\/\/www.partipourladecroissance.net\/index.php?rest_route=%2Fwp%2Fv2%2Fmedia&parent=9668"}],"wp:term":[{"taxonomy":"category","embeddable":true,"href":"https:\/\/www.partipourladecroissance.net\/index.php?rest_route=%2Fwp%2Fv2%2Fcategories&post=9668"},{"taxonomy":"post_tag","embeddable":true,"href":"https:\/\/www.partipourladecroissance.net\/index.php?rest_route=%2Fwp%2Fv2%2Ftags&post=9668"}],"curies":[{"name":"wp","href":"https:\/\/api.w.org\/{rel}","templated":true}]}}