{"id":9738,"date":"2024-06-14T13:00:25","date_gmt":"2024-06-14T12:00:25","guid":{"rendered":"https:\/\/www.partipourladecroissance.net\/?p=9738"},"modified":"2024-06-14T15:29:02","modified_gmt":"2024-06-14T14:29:02","slug":"le-parti-pour-la-decroissance-soutient-le-nouveau-front-populaire","status":"publish","type":"post","link":"https:\/\/www.partipourladecroissance.net\/?p=9738","title":{"rendered":"Le Parti Pour La D\u00e9croissance soutient le Nouveau Front Populaire"},"content":{"rendered":"<p><a href=\"https:\/\/www.partipourladecroissance.net\/?attachment_id=9742\" rel=\"attachment wp-att-9742\"><img loading=\"lazy\" decoding=\"async\" class=\"wp-image-9742 aligncenter\" src=\"https:\/\/www.partipourladecroissance.net\/wp-content\/uploads\/2024\/06\/Logo-Front-Populaire.png\" alt=\"\" width=\"487\" height=\"233\" srcset=\"https:\/\/www.partipourladecroissance.net\/wp-content\/uploads\/2024\/06\/Logo-Front-Populaire.png 1386w, https:\/\/www.partipourladecroissance.net\/wp-content\/uploads\/2024\/06\/Logo-Front-Populaire-300x143.png 300w, https:\/\/www.partipourladecroissance.net\/wp-content\/uploads\/2024\/06\/Logo-Front-Populaire-1024x489.png 1024w, https:\/\/www.partipourladecroissance.net\/wp-content\/uploads\/2024\/06\/Logo-Front-Populaire-768x367.png 768w\" sizes=\"auto, (max-width: 487px) 100vw, 487px\" \/><\/a><strong>Le Parti Pour La D\u00e9croissance soutient le Nouveau Front Populaire r\u00e9unissant les forces de gauche, \u00e9cologistes, sociales et d\u00e9croissantes autour d\u2019un projet de rupture pour les \u00e9lections l\u00e9gislatives \u00e0 venir.<\/strong><\/p>\n<p><strong>Il appelle aussi \u00e0 rejoindre les manifestations contre l\u2019extr\u00eame droite \u00e0 l\u2019initiative des organisations syndicales pr\u00e9vues ce week-end.<\/strong><\/p>\n<p style=\"text-align: center;\"><span style=\"font-weight: 400;\">\u2014oooOOOooo\u2014<\/span><\/p>\n<p><span style=\"font-weight: 400;\">La situation critique dans laquelle nous sommes a pourtant \u00e9t\u00e9 annonc\u00e9e depuis des ann\u00e9es par le mouvement d\u00e9croissant. Que ce soit d\u2019un point de vue \u00e9cologique, \u00e9nerg\u00e9tique, \u00e9conomique et social, nous savons que nous arrivons \u00e0 la fin d\u2019un mod\u00e8le civilisationnel toxico-d\u00e9pendant \u00e0 la croissance. Croire que consommer toujours plus est suffisant pour faire soci\u00e9t\u00e9, pour donner du sens est une impasse.<\/span><\/p>\n<p><span style=\"font-weight: 400;\">Nous le r\u00e9p\u00e9tons encore et encore. Une croissance illimit\u00e9e dans un monde limit\u00e9 n\u2019est ni possible ni souhaitable. Nous atteignons les limites. Et une soci\u00e9t\u00e9 de croissance sans croissance est une trag\u00e9die sociale, source d\u2019exclusion, de frustrations, d\u2019in\u00e9galit\u00e9s et de tensions. Pour cela, il est n\u00e9cessaire et urgent de sortir de ce mod\u00e8le.<\/span><\/p>\n<p><span style=\"font-weight: 400;\">C\u2019est d\u2019autant plus absurde de s\u2019arc-bouter sur la croissance que ce paradigme s\u00e9duit de moins en moins les populations. En effet, des enqu\u00eates d\u2019opinion mettent en avant des majorit\u00e9s culturelles qui aspirent \u00e0 en sortir, sous deux conditions : d\u00e9mocratie et justice sociale.<\/span><\/p>\n<p style=\"text-align: center;\"><span style=\"font-weight: 400;\">\u2014oooOOOooo\u2014<\/span><\/p>\n<p><span style=\"font-weight: 400;\">Malheureusement, notre discours est au mieux ignor\u00e9, voire diabolis\u00e9 en t\u00e9moigne un syst\u00e8me m\u00e9diatique ubuesque toujours plus sous la coupe des tenants du syst\u00e8me emp\u00eachant de d\u00e9battre sereinement. Au lieu d\u2019accompagner la fin de la croissance et de construire un r\u00e9cit sur les alternatives d\u00e9sirables, la fin de la croissance est totalement d\u00e9ni\u00e9e et donc subie.<\/span><\/p>\n<p><span style=\"font-weight: 400;\">Cette absence de d\u00e9bat offre un boulevard aux id\u00e9es les plus naus\u00e9abondes. Trouver des responsables, les immigr\u00e9s, les ch\u00f4meurs, les \u00e9cologistes, ou les progressistes, est plus ais\u00e9 que de remettre en question l\u2019ordre \u00e9tabli, au service d\u2019une oligarchie et d\u2019une nomenklatura capitaliste qui n\u2019ont aucun int\u00e9r\u00eat \u00e0 changer les choses.<\/span><\/p>\n<p><span style=\"font-weight: 400;\">Apr\u00e8s des d\u00e9cennies de lib\u00e9ralisme toujours plus autoritaires qui n\u2019ont fait que renforcer les in\u00e9galit\u00e9s, les frustrations, la perte de sens, la destruction du vivant et du vivre ensemble, l\u2019\u00e9tape suivante, tellement pr\u00e9visible, propose la m\u00eame recette avec en plus, le racisme, la x\u00e9nophobie, le sexisme et la violence. La situation est critique, l\u2019engrenage possible.<\/span><\/p>\n<p style=\"text-align: center;\"><span style=\"font-weight: 400;\">\u2014oooOOOooo\u2014<\/span><\/p>\n<p><span style=\"font-weight: 400;\">C\u2019est pourquoi le Parti Pour La D\u00e9croissance soutient pleinement le Nouveau Front Populaire face aux dangers que repr\u00e9senterait l\u2019arriv\u00e9e des extr\u00eames-droites au gouvernement. Ce n\u2019est plus un risque possible mais une r\u00e9alit\u00e9 qui se dessine. Mais aussi dans l\u2019espoir qu\u2019elles tendent vers les id\u00e9es de la d\u00e9croissance dans un climat serein et d\u00e9mocratique qui est aujourd\u2019hui affaibli et toujours plus menac\u00e9.<\/span><\/p>\n<p><span style=\"font-weight: 400;\">Mais,\u00a0 nous ne perdrons pas de vue que sans une r\u00e9flexion plus profonde sur les enjeux civilisationnels auxquels nous faisons face, un tel front ne serait au mieux qu\u2019une rustine palliative, certes n\u00e9cessaire et salvatrice, mais insuffisante<\/span><\/p>\n<p><span style=\"font-weight: 400;\">Ainsi, nous souhaitons avec la D\u00e9croissance, contribuer \u00e0 faire vivre le d\u00e9bat d\u00e9mocratique autour de tous ces enjeux et apporter notre contribution et exp\u00e9rience afin de nous \u00e9manciper de mani\u00e8re juste et conviviale de cette soci\u00e9t\u00e9 de croissance mortif\u00e8re qui touche \u00e0 sa fin.<\/span><\/p>\n<p><strong>Parti Pour La D\u00e9croissance<br \/>\nLe 14 juin 2024<\/strong><\/p>\n<p><span style=\"font-weight: 400;\">Pour aller plus loin :<\/span><\/p>\n<ul>\n<li style=\"font-weight: 400;\" aria-level=\"1\"><a href=\"https:\/\/www.projet-decroissance.net\/?p=2690\" target=\"_blank\" rel=\"noopener\"><span style=\"font-weight: 400;\">Un spectre hante notre soci\u00e9t\u00e9 : celui de la d\u00e9croissance<\/span><\/a><\/li>\n<li style=\"font-weight: 400;\" aria-level=\"1\"><a href=\"https:\/\/esprit.presse.fr\/actualites\/vincent-liegey\/decroissance-ou-barbarie-45297\" target=\"_blank\" rel=\"noopener\"><span style=\"font-weight: 400;\">D\u00e9croissance ou Barbarie<\/span><\/a><span style=\"font-weight: 400;\">, analyse de Vincent Liegey autour des enjeux actuels de la d\u00e9croissance.<\/span><\/li>\n<li style=\"font-weight: 400;\" aria-level=\"1\"><a href=\"https:\/\/www.youtube.com\/watch?v=L-9q8o9eBIA&amp;ab_channel=LIMIT\" target=\"_blank\" rel=\"noopener\"><span style=\"font-weight: 400;\">La v\u00e9rit\u00e9 sur la d\u00e9croissance<\/span><\/a><span style=\"font-weight: 400;\">, interview en vid\u00e9o sur la d\u00e9croissance par la cha\u00eene Limit.<\/span><\/li>\n<\/ul>\n","protected":false},"excerpt":{"rendered":"<p>Le Parti Pour La D\u00e9croissance soutient le Nouveau Front Populaire r\u00e9unissant les forces de gauche, \u00e9cologistes, sociales et d\u00e9croissantes autour d\u2019un projet de rupture pour les \u00e9lections l\u00e9gislatives \u00e0 venir. Il appelle aussi \u00e0 rejoindre les manifestations contre l\u2019extr\u00eame droite &hellip; <a href=\"https:\/\/www.partipourladecroissance.net\/?p=9738\">Continuer la lecture <span class=\"meta-nav\">&rarr;<\/span><\/a><\/p>\n","protected":false},"author":9,"featured_media":9739,"comment_status":"open","ping_status":"open","sticky":true,"template":"","format":"standard","meta":{"footnotes":""},"categories":[3,8],"tags":[],"class_list":["post-9738","post","type-post","status-publish","format-standard","has-post-thumbnail","hentry","category-actualites","category-communiques-de-presse"],"_links":{"self":[{"href":"https:\/\/www.partipourladecroissance.net\/index.php?rest_route=\/wp\/v2\/posts\/9738","targetHints":{"allow":["GET"]}}],"collection":[{"href":"https:\/\/www.partipourladecroissance.net\/index.php?rest_route=\/wp\/v2\/posts"}],"about":[{"href":"https:\/\/www.partipourladecroissance.net\/index.php?rest_route=\/wp\/v2\/types\/post"}],"author":[{"embeddable":true,"href":"https:\/\/www.partipourladecroissance.net\/index.php?rest_route=\/wp\/v2\/users\/9"}],"replies":[{"embeddable":true,"href":"https:\/\/www.partipourladecroissance.net\/index.php?rest_route=%2Fwp%2Fv2%2Fcomments&post=9738"}],"version-history":[{"count":7,"href":"https:\/\/www.partipourladecroissance.net\/index.php?rest_route=\/wp\/v2\/posts\/9738\/revisions"}],"predecessor-version":[{"id":9755,"href":"https:\/\/www.partipourladecroissance.net\/index.php?rest_route=\/wp\/v2\/posts\/9738\/revisions\/9755"}],"wp:featuredmedia":[{"embeddable":true,"href":"https:\/\/www.partipourladecroissance.net\/index.php?rest_route=\/wp\/v2\/media\/9739"}],"wp:attachment":[{"href":"https:\/\/www.partipourladecroissance.net\/index.php?rest_route=%2Fwp%2Fv2%2Fmedia&parent=9738"}],"wp:term":[{"taxonomy":"category","embeddable":true,"href":"https:\/\/www.partipourladecroissance.net\/index.php?rest_route=%2Fwp%2Fv2%2Fcategories&post=9738"},{"taxonomy":"post_tag","embeddable":true,"href":"https:\/\/www.partipourladecroissance.net\/index.php?rest_route=%2Fwp%2Fv2%2Ftags&post=9738"}],"curies":[{"name":"wp","href":"https:\/\/api.w.org\/{rel}","templated":true}]}}